{"id":5883,"date":"2025-10-25T17:20:06","date_gmt":"2025-10-25T15:20:06","guid":{"rendered":"https:\/\/tudulinnakultuurikants.ee\/?p=5883"},"modified":"2026-01-19T17:12:42","modified_gmt":"2026-01-19T15:12:42","slug":"tudulinna-raamat-labi-aegade-kumnes-osa","status":"publish","type":"post","link":"https:\/\/tudulinnakultuurikants.ee\/?p=5883","title":{"rendered":"Tudulinna raamat l\u00e4bi aegade. K\u00fcmnes osa"},"content":{"rendered":"<h3>Tudulinna Raamatuaasta on j\u00f5udnud j\u00e4rjekordse olulise teet\u00e4hiseni. Toome teie ette j\u00e4rjekordse raamatusoovituse, mida just s\u00fcgisel, oktoobrikuu \u00f5htutel lehtede langemise sahinat ja vihmapiiskade kr\u00f5binat kuulates on m\u00f5nus (uuesti) sirvida!<\/h3>\n<p><a href=\"https:\/\/tudulinnakultuurikants.ee\/?page_id=5875\"><img loading=\"lazy\" decoding=\"async\" class=\"alignnone wp-image-5387\" src=\"https:\/\/tudulinnakultuurikants.ee\/wp-content\/uploads\/2023\/06\/Alutaguse-uinuv-kaunitar.jpg\" alt=\"\" width=\"288\" height=\"392\" srcset=\"https:\/\/tudulinnakultuurikants.ee\/wp-content\/uploads\/2023\/06\/Alutaguse-uinuv-kaunitar.jpg 367w, https:\/\/tudulinnakultuurikants.ee\/wp-content\/uploads\/2023\/06\/Alutaguse-uinuv-kaunitar-220x300.jpg 220w\" sizes=\"auto, (max-width: 288px) 100vw, 288px\" \/><\/a><\/p>\n<p>T\u00f5eliselt romantilise pealkirjaga ajaraamat pidi autori, <strong>Tudulinna juurtega arhitekt Ago-Livius Kerge<\/strong> s\u00f5nul algselt saama tiitliks <strong>\u201dS\u00fcndinud ja s\u00fcndimata lood Tudulinnast\u201d.<\/strong> See iseloomustabki ehk k\u00f5ige paremini teose sisu. Autor on v\u00f5tnud kokku teadaolevad ajaloofaktid ja kuuldud legendid, t\u00e4iendanud neid isiklike m\u00e4lestustega ja kaunistanud paljude fotodega. Raamat on omamoodi j\u00e4rg v\u00f5i t\u00e4iendus Elsa Karbi teosele <strong>\u201dM\u00f5nda Tudulinna minevikust ja inimestest\u201d <em><span style=\"color: #3366ff;\">(NB! \u00d5ige pea on sellest raamatust ilmumas kauaoodatud uustr\u00fckk!)<\/span><\/em>,<\/strong> sest ainult need kaks teost \u00fcheskoos annavad lugejale laia tervikpildi Tudulinna mitmek\u00fclgsest ajaloost.<\/p>\n<p>Kui Elsa Karbil oli ees\u00f5igus kasutada paljusid arhiivimaterjale ning vanema p\u00f5lvkonna tudulinlaste vahetuid meenutusi, siis Ago Kerge sai kirja panna ka selliseid teemasid, mis Elsa Karbi puhul ei tulnud k\u00f5ne allagi (arvestades s\u00fcgavat n\u00f5ukogude aega). Nii on uuemas raamatus vabalt r\u00e4\u00e4gitud Vabaduss\u00f5jast, k\u00fc\u00fcditamistest jms.<\/p>\n<p>Hea lugemine ka k\u00f5igile neile mitte-tudulinlastele, kes tahaksid teha esmatutvust siinse paigaga.<\/p>\n<p>Raamat on j\u00e4tkuvalt saadaval <strong>MT\u00dc Tudulinna Kultuurikants<\/strong> raamatuletis.<\/p>\n<p>T\u00e4psemalt loe siit:\u00a0<a href=\"https:\/\/tudulinnakultuurikants.ee\/?page_id=5875\">Ago Livius Kerge. Alutaguse uinuv kaunitar<\/a><\/p>\n<p><a href=\"https:\/\/tudulinnakultuurikants.ee\/?page_id=5875\"><img loading=\"lazy\" decoding=\"async\" class=\"alignnone size-full wp-image-5675\" src=\"https:\/\/tudulinnakultuurikants.ee\/wp-content\/uploads\/2025\/01\/images_edited.jpg\" alt=\"\" width=\"225\" height=\"225\" srcset=\"https:\/\/tudulinnakultuurikants.ee\/wp-content\/uploads\/2025\/01\/images_edited.jpg 225w, https:\/\/tudulinnakultuurikants.ee\/wp-content\/uploads\/2025\/01\/images_edited-150x150.jpg 150w\" sizes=\"auto, (max-width: 225px) 100vw, 225px\" \/><\/a><\/p>\n","protected":false},"excerpt":{"rendered":"<p>Tudulinna Raamatuaasta on j\u00f5udnud j\u00e4rjekordse olulise teet\u00e4hiseni. Toome teie ette j\u00e4rjekordse raamatusoovituse, mida just s\u00fcgisel, oktoobrikuu \u00f5htutel lehtede langemise sahinat ja vihmapiiskade kr\u00f5binat kuulates on m\u00f5nus (uuesti) sirvida! T\u00f5eliselt romantilise pealkirjaga ajaraamat pidi autori, Tudulinna juurtega arhitekt Ago-Livius Kerge s\u00f5nul algselt saama tiitliks \u201dS\u00fcndinud ja s\u00fcndimata lood Tudulinnast\u201d. See iseloomustabki&nbsp;[ &hellip; ]<\/p>\n","protected":false},"author":2,"featured_media":0,"comment_status":"closed","ping_status":"open","sticky":false,"template":"","format":"standard","meta":{"_bbp_topic_count":0,"_bbp_reply_count":0,"_bbp_total_topic_count":0,"_bbp_total_reply_count":0,"_bbp_voice_count":0,"_bbp_anonymous_reply_count":0,"_bbp_topic_count_hidden":0,"_bbp_reply_count_hidden":0,"_bbp_forum_subforum_count":0,"footnotes":"","_links_to":"","_links_to_target":""},"categories":[13,1],"tags":[],"class_list":["post-5883","post","type-post","status-publish","format-standard","hentry","category-kirikutaastamine","category-uudised","list-style-post"],"_links":{"self":[{"href":"https:\/\/tudulinnakultuurikants.ee\/index.php?rest_route=\/wp\/v2\/posts\/5883","targetHints":{"allow":["GET"]}}],"collection":[{"href":"https:\/\/tudulinnakultuurikants.ee\/index.php?rest_route=\/wp\/v2\/posts"}],"about":[{"href":"https:\/\/tudulinnakultuurikants.ee\/index.php?rest_route=\/wp\/v2\/types\/post"}],"author":[{"embeddable":true,"href":"https:\/\/tudulinnakultuurikants.ee\/index.php?rest_route=\/wp\/v2\/users\/2"}],"replies":[{"embeddable":true,"href":"https:\/\/tudulinnakultuurikants.ee\/index.php?rest_route=%2Fwp%2Fv2%2Fcomments&post=5883"}],"version-history":[{"count":1,"href":"https:\/\/tudulinnakultuurikants.ee\/index.php?rest_route=\/wp\/v2\/posts\/5883\/revisions"}],"predecessor-version":[{"id":5884,"href":"https:\/\/tudulinnakultuurikants.ee\/index.php?rest_route=\/wp\/v2\/posts\/5883\/revisions\/5884"}],"wp:attachment":[{"href":"https:\/\/tudulinnakultuurikants.ee\/index.php?rest_route=%2Fwp%2Fv2%2Fmedia&parent=5883"}],"wp:term":[{"taxonomy":"category","embeddable":true,"href":"https:\/\/tudulinnakultuurikants.ee\/index.php?rest_route=%2Fwp%2Fv2%2Fcategories&post=5883"},{"taxonomy":"post_tag","embeddable":true,"href":"https:\/\/tudulinnakultuurikants.ee\/index.php?rest_route=%2Fwp%2Fv2%2Ftags&post=5883"}],"curies":[{"name":"wp","href":"https:\/\/api.w.org\/{rel}","templated":true}]}}