{"id":5891,"date":"2025-11-13T19:19:27","date_gmt":"2025-11-13T17:19:27","guid":{"rendered":"https:\/\/tudulinnakultuurikants.ee\/?p=5891"},"modified":"2026-01-19T17:12:29","modified_gmt":"2026-01-19T15:12:29","slug":"tudulinna-raamat-labi-aegade-uheteistkumnes-osa","status":"publish","type":"post","link":"https:\/\/tudulinnakultuurikants.ee\/?p=5891","title":{"rendered":"Tudulinna Raamat l\u00e4bi aegade.  \u00dcheteistk\u00fcmnes osa."},"content":{"rendered":"<h4>On hingede aeg. Pimedatel novembri\u00f5htutel m\u00f5tleme neile, kes elasid, olid ja on l\u00e4inud. Nii m\u00f5nigi neist paraku liialt varakult ja kellegi kurja k\u00e4e l\u00e4bi.<\/h4>\n<p><img loading=\"lazy\" decoding=\"async\" class=\"alignnone size-full wp-image-5886\" src=\"https:\/\/tudulinnakultuurikants.ee\/wp-content\/uploads\/2025\/11\/alutaguse-saaga.jpg\" alt=\"\" width=\"211\" height=\"300\" \/><\/p>\n<h4>Hingedekuu raamat juhatab meid v\u00f5imsate Alutaguse laante k\u00f5ige varjatumatesse soppidesse, kus pidid end n\u00f5ukogude v\u00f5imu eest varjama paljud ausad Eestimaa mehed ja naised. See ei olnud kerge elu. Iga hetk v\u00f5isid langeda reetmise ohvriks, p\u00fcssikuuli l\u00e4bi&#8230; Kaduda igavikku seal kuskil p\u00f5lispuude all, kaugeimate karjamaade taga, soosaarte m\u00fclgastes. Sadu saladusi varjavad t\u00e4nini kohisevad Alutaguse laaned.<\/h4>\n<h4>M\u00f5ni pidas vapralt r\u00e4ngad alandused ja katsumused vastu, tuli tagasi, n\u00e4gi \u00e4ra uue Eesti Vabariigi saabumise. L\u00f5puks r\u00e4ndas m\u00f5ttes tagasi noorusmaile ja leidis endas vaprust ja hakkamist m\u00e4lestused veelkord l\u00e4bi elada ja tulevaste p\u00f5lvede jaoks kirjagi panna.<\/h4>\n<h4>Alutaguse legendaarsemaid metsavendi Ruuben Lambur kasvas \u00fcles Peressaares, kuid j\u00e4i oma kodust ilma. Palju aastaid pidi ta end varjama kodukandi metsades, Oonurme, Tudulinna ja teiste siitkandi k\u00fclade tagamaadel. kaotas palju kaaslasi, sai ise ka korduvalt haavata. Kuni l\u00f5puks siiski tabati ja vangistati. Ometi pidas ta vastu ja elas peaaegu saja aasta vanuseks!<\/h4>\n<h4>Tema m\u00e4lestuste raamat ALUTAGUSE SAAGA viib meid kaasa metsavenna karmidele teedele.<\/h4>\n<h4>Loeme. Meenutame. M\u00e4lestame.<\/h4>\n<p>P\u00f5hjalikumalt saab raamatu kohta lugeda siit:\u00a0<a href=\"https:\/\/tudulinnakultuurikants.ee\/?page_id=5885\">Ruuben Lambur. Alutaguse saaga<\/a><\/p>\n<p><img loading=\"lazy\" decoding=\"async\" class=\"alignnone size-full wp-image-5675\" src=\"https:\/\/tudulinnakultuurikants.ee\/wp-content\/uploads\/2025\/01\/images_edited.jpg\" alt=\"\" width=\"225\" height=\"225\" srcset=\"https:\/\/tudulinnakultuurikants.ee\/wp-content\/uploads\/2025\/01\/images_edited.jpg 225w, https:\/\/tudulinnakultuurikants.ee\/wp-content\/uploads\/2025\/01\/images_edited-150x150.jpg 150w\" sizes=\"auto, (max-width: 225px) 100vw, 225px\" \/><\/p>\n","protected":false},"excerpt":{"rendered":"<p>On hingede aeg. Pimedatel novembri\u00f5htutel m\u00f5tleme neile, kes elasid, olid ja on l\u00e4inud. Nii m\u00f5nigi neist paraku liialt varakult ja kellegi kurja k\u00e4e l\u00e4bi. Hingedekuu raamat juhatab meid v\u00f5imsate Alutaguse laante k\u00f5ige varjatumatesse soppidesse, kus pidid end n\u00f5ukogude v\u00f5imu eest varjama paljud ausad Eestimaa mehed ja naised. See ei olnud&nbsp;[ &hellip; ]<\/p>\n","protected":false},"author":2,"featured_media":0,"comment_status":"closed","ping_status":"open","sticky":false,"template":"","format":"standard","meta":{"_bbp_topic_count":0,"_bbp_reply_count":0,"_bbp_total_topic_count":0,"_bbp_total_reply_count":0,"_bbp_voice_count":0,"_bbp_anonymous_reply_count":0,"_bbp_topic_count_hidden":0,"_bbp_reply_count_hidden":0,"_bbp_forum_subforum_count":0,"footnotes":"","_links_to":"","_links_to_target":""},"categories":[13,1],"tags":[],"class_list":["post-5891","post","type-post","status-publish","format-standard","hentry","category-kirikutaastamine","category-uudised","list-style-post"],"_links":{"self":[{"href":"https:\/\/tudulinnakultuurikants.ee\/index.php?rest_route=\/wp\/v2\/posts\/5891","targetHints":{"allow":["GET"]}}],"collection":[{"href":"https:\/\/tudulinnakultuurikants.ee\/index.php?rest_route=\/wp\/v2\/posts"}],"about":[{"href":"https:\/\/tudulinnakultuurikants.ee\/index.php?rest_route=\/wp\/v2\/types\/post"}],"author":[{"embeddable":true,"href":"https:\/\/tudulinnakultuurikants.ee\/index.php?rest_route=\/wp\/v2\/users\/2"}],"replies":[{"embeddable":true,"href":"https:\/\/tudulinnakultuurikants.ee\/index.php?rest_route=%2Fwp%2Fv2%2Fcomments&post=5891"}],"version-history":[{"count":1,"href":"https:\/\/tudulinnakultuurikants.ee\/index.php?rest_route=\/wp\/v2\/posts\/5891\/revisions"}],"predecessor-version":[{"id":5892,"href":"https:\/\/tudulinnakultuurikants.ee\/index.php?rest_route=\/wp\/v2\/posts\/5891\/revisions\/5892"}],"wp:attachment":[{"href":"https:\/\/tudulinnakultuurikants.ee\/index.php?rest_route=%2Fwp%2Fv2%2Fmedia&parent=5891"}],"wp:term":[{"taxonomy":"category","embeddable":true,"href":"https:\/\/tudulinnakultuurikants.ee\/index.php?rest_route=%2Fwp%2Fv2%2Fcategories&post=5891"},{"taxonomy":"post_tag","embeddable":true,"href":"https:\/\/tudulinnakultuurikants.ee\/index.php?rest_route=%2Fwp%2Fv2%2Ftags&post=5891"}],"curies":[{"name":"wp","href":"https:\/\/api.w.org\/{rel}","templated":true}]}}