{"id":5897,"date":"2025-12-08T19:49:13","date_gmt":"2025-12-08T17:49:13","guid":{"rendered":"https:\/\/tudulinnakultuurikants.ee\/?p=5897"},"modified":"2026-01-19T17:12:16","modified_gmt":"2026-01-19T15:12:16","slug":"tudulinna-raamat-labi-aegade-kaheteistkumnes-osa","status":"publish","type":"post","link":"https:\/\/tudulinnakultuurikants.ee\/?p=5897","title":{"rendered":"Tudulinna Raamat l\u00e4bi aegade. Kaheteistk\u00fcmnes osa"},"content":{"rendered":"<h3>M\u00e4rkamatult hakkab\u00a0 \u00fcks aastaring t\u00e4is saama. Iga\u00fche jaoks on olnud kindlasti palju meelej\u00e4\u00e4vaid s\u00fcndmusi. Ehk on nii m\u00f5nigi ka midagi enda jaoks \u00fcles t\u00e4hendanud? V\u00f5i lausa teistegi r\u00f5\u00f5muks \u00fchte-teist kirja pannud, et kunagi hiljem oleks hea meelde tuletada aastat 2025 k\u00f5ikide r\u00f5\u00f5mude ja \u00fcllatustega.<\/h3>\n<p>Muu hulgas on laialdaselt t\u00e4histatud <span style=\"color: #0000ff;\"><strong>Eesti Raamatu Aastat<\/strong><\/span>, mis meil Tudulinnas on saanud oma t\u00e4henduse. Kohe jaanuaris sai seatud eesm\u00e4rgiks iga kuu tutvustada \u00fchte m\u00e4rgilisema t\u00e4hendusega eri aegadest p\u00e4rit kirjandusteost, mis siinse kandi eluolu ja inimesi avab. Olemegi j\u00f5udnud <strong><span style=\"color: #0000ff;\">Tudulinna Raamatu Aasta<\/span><\/strong> viimase, kaheteistk\u00fcmnenda raamatu juurde.<\/p>\n<p>J\u00f5ulude aeg on alati tagasivaatamise ja meenutuste aeg. Mis sobiks just siia paremini kui kolm suurep\u00e4rast kogumikku <span style=\"color: #0000ff;\"><strong>&#8220;M\u00e4lestuste killud&#8221;!<\/strong><\/span><\/p>\n<p><img loading=\"lazy\" decoding=\"async\" class=\"alignnone wp-image-5894\" src=\"https:\/\/tudulinnakultuurikants.ee\/wp-content\/uploads\/2025\/12\/Malestuste-killud-scaled-e1765140830388-1024x683.jpg\" alt=\"\" width=\"655\" height=\"437\" srcset=\"https:\/\/tudulinnakultuurikants.ee\/wp-content\/uploads\/2025\/12\/Malestuste-killud-scaled-e1765140830388-1024x683.jpg 1024w, https:\/\/tudulinnakultuurikants.ee\/wp-content\/uploads\/2025\/12\/Malestuste-killud-scaled-e1765140830388-300x200.jpg 300w, https:\/\/tudulinnakultuurikants.ee\/wp-content\/uploads\/2025\/12\/Malestuste-killud-scaled-e1765140830388-768x512.jpg 768w, https:\/\/tudulinnakultuurikants.ee\/wp-content\/uploads\/2025\/12\/Malestuste-killud-scaled-e1765140830388-600x400.jpg 600w, https:\/\/tudulinnakultuurikants.ee\/wp-content\/uploads\/2025\/12\/Malestuste-killud-scaled-e1765140830388-1536x1024.jpg 1536w, https:\/\/tudulinnakultuurikants.ee\/wp-content\/uploads\/2025\/12\/Malestuste-killud-scaled-e1765140830388-2048x1366.jpg 2048w, https:\/\/tudulinnakultuurikants.ee\/wp-content\/uploads\/2025\/12\/Malestuste-killud-scaled-e1765140830388-270x180.jpg 270w, https:\/\/tudulinnakultuurikants.ee\/wp-content\/uploads\/2025\/12\/Malestuste-killud-scaled-e1765140830388-710x473.jpg 710w, https:\/\/tudulinnakultuurikants.ee\/wp-content\/uploads\/2025\/12\/Malestuste-killud-scaled-e1765140830388-272x182.jpg 272w\" sizes=\"auto, (max-width: 655px) 100vw, 655px\" \/><\/p>\n<p>Need Haridus\u00fchendus Tudulinlane eestvedamisel kokku pandud ja v\u00e4lja antud raamatud kutsuvad lugejad kaasa \u00fcsna pikale ajalooperioodile l\u00e4bi 20 sajandi ulatudes veel k\u00e4esoleva sajandi algussegi. Ja need on algusest l\u00f5puni t\u00e4iesti ehedad tekstid &#8211; k\u00fcmnete tudulinlaste meenutused oma noorusajast, t\u00f6\u00f6tegemistest, eluraskustest, v\u00e4ikestest ja suurtest edusammudest ja paljust muust. Lisaks hulk toredaid luuletusi &#8211; ikka tudulinlastelt needki.<\/p>\n<p>On, keda meenutada. On, mida meenutada. On, mida lugeda!<\/p>\n<p>K\u00f5igepealt loe siit: <a href=\"https:\/\/tudulinnakultuurikants.ee\/?page_id=5893\">M\u00e4lestuste killud<\/a> \u00a0 ja siis otse need raamatud \u00fcles, ava &#8211; ja loe uuesti!<\/p>\n<p>&nbsp;<\/p>\n<p><img loading=\"lazy\" decoding=\"async\" class=\"alignnone size-full wp-image-5675\" src=\"https:\/\/tudulinnakultuurikants.ee\/wp-content\/uploads\/2025\/01\/images_edited.jpg\" alt=\"\" width=\"225\" height=\"225\" srcset=\"https:\/\/tudulinnakultuurikants.ee\/wp-content\/uploads\/2025\/01\/images_edited.jpg 225w, https:\/\/tudulinnakultuurikants.ee\/wp-content\/uploads\/2025\/01\/images_edited-150x150.jpg 150w\" sizes=\"auto, (max-width: 225px) 100vw, 225px\" \/><\/p>\n<p>&nbsp;<\/p>\n","protected":false},"excerpt":{"rendered":"<p>M\u00e4rkamatult hakkab\u00a0 \u00fcks aastaring t\u00e4is saama. Iga\u00fche jaoks on olnud kindlasti palju meelej\u00e4\u00e4vaid s\u00fcndmusi. Ehk on nii m\u00f5nigi ka midagi enda jaoks \u00fcles t\u00e4hendanud? V\u00f5i lausa teistegi r\u00f5\u00f5muks \u00fchte-teist kirja pannud, et kunagi hiljem oleks hea meelde tuletada aastat 2025 k\u00f5ikide r\u00f5\u00f5mude ja \u00fcllatustega. Muu hulgas on laialdaselt t\u00e4histatud Eesti&nbsp;[ &hellip; ]<\/p>\n","protected":false},"author":2,"featured_media":0,"comment_status":"closed","ping_status":"open","sticky":false,"template":"","format":"standard","meta":{"_bbp_topic_count":0,"_bbp_reply_count":0,"_bbp_total_topic_count":0,"_bbp_total_reply_count":0,"_bbp_voice_count":0,"_bbp_anonymous_reply_count":0,"_bbp_topic_count_hidden":0,"_bbp_reply_count_hidden":0,"_bbp_forum_subforum_count":0,"footnotes":"","_links_to":"","_links_to_target":""},"categories":[13,1],"tags":[],"class_list":["post-5897","post","type-post","status-publish","format-standard","hentry","category-kirikutaastamine","category-uudised","list-style-post"],"_links":{"self":[{"href":"https:\/\/tudulinnakultuurikants.ee\/index.php?rest_route=\/wp\/v2\/posts\/5897","targetHints":{"allow":["GET"]}}],"collection":[{"href":"https:\/\/tudulinnakultuurikants.ee\/index.php?rest_route=\/wp\/v2\/posts"}],"about":[{"href":"https:\/\/tudulinnakultuurikants.ee\/index.php?rest_route=\/wp\/v2\/types\/post"}],"author":[{"embeddable":true,"href":"https:\/\/tudulinnakultuurikants.ee\/index.php?rest_route=\/wp\/v2\/users\/2"}],"replies":[{"embeddable":true,"href":"https:\/\/tudulinnakultuurikants.ee\/index.php?rest_route=%2Fwp%2Fv2%2Fcomments&post=5897"}],"version-history":[{"count":1,"href":"https:\/\/tudulinnakultuurikants.ee\/index.php?rest_route=\/wp\/v2\/posts\/5897\/revisions"}],"predecessor-version":[{"id":5898,"href":"https:\/\/tudulinnakultuurikants.ee\/index.php?rest_route=\/wp\/v2\/posts\/5897\/revisions\/5898"}],"wp:attachment":[{"href":"https:\/\/tudulinnakultuurikants.ee\/index.php?rest_route=%2Fwp%2Fv2%2Fmedia&parent=5897"}],"wp:term":[{"taxonomy":"category","embeddable":true,"href":"https:\/\/tudulinnakultuurikants.ee\/index.php?rest_route=%2Fwp%2Fv2%2Fcategories&post=5897"},{"taxonomy":"post_tag","embeddable":true,"href":"https:\/\/tudulinnakultuurikants.ee\/index.php?rest_route=%2Fwp%2Fv2%2Ftags&post=5897"}],"curies":[{"name":"wp","href":"https:\/\/api.w.org\/{rel}","templated":true}]}}