{"id":6047,"date":"2026-09-01T19:13:42","date_gmt":"2026-09-01T17:13:42","guid":{"rendered":"https:\/\/tudulinnakultuurikants.ee\/?p=6047"},"modified":"2026-09-01T19:14:29","modified_gmt":"2026-09-01T17:14:29","slug":"muinsuskaitsepaevade-ekskursioon-tudulinnas","status":"publish","type":"post","link":"https:\/\/tudulinnakultuurikants.ee\/?p=6047","title":{"rendered":"Muinsuskaitsep\u00e4evade ekskursioon Tudulinnas !"},"content":{"rendered":"<p><strong><em>Hea Tudulinna s\u00f5ber! <\/em><\/strong><\/p>\n<p>Kutsume sind Muinsuskaitse p\u00e4evade raames <span style=\"color: #0000ff;\"><strong>13. septembril algusega kell 12.00<\/strong><\/span> p\u00f5nevale<strong> jalutusk\u00e4igule Alutaguse kuulsaimate vokimeistrite<\/strong> koduradadel!<\/p>\n<p>Kohtumispaik on <span style=\"color: #0000ff;\"><strong>Krimmilinnas<\/strong><\/span> ehk <strong><span style=\"color: #0000ff;\">Sahargu k\u00fcla alguses<\/span><\/strong> <span style=\"color: #0000ff;\"><strong>Otsa talu l\u00e4histel\u00a0<\/strong><\/span><\/p>\n<p><img loading=\"lazy\" decoding=\"async\" class=\"alignnone size-large wp-image-6049\" src=\"https:\/\/tudulinnakultuurikants.ee\/wp-content\/uploads\/2026\/09\/2026-Muinsuskaitsepaevade-banner-v2-1024x699.jpg\" alt=\"\" width=\"1024\" height=\"699\" srcset=\"https:\/\/tudulinnakultuurikants.ee\/wp-content\/uploads\/2026\/09\/2026-Muinsuskaitsepaevade-banner-v2-1024x699.jpg 1024w, https:\/\/tudulinnakultuurikants.ee\/wp-content\/uploads\/2026\/09\/2026-Muinsuskaitsepaevade-banner-v2-300x205.jpg 300w, https:\/\/tudulinnakultuurikants.ee\/wp-content\/uploads\/2026\/09\/2026-Muinsuskaitsepaevade-banner-v2-768x524.jpg 768w, https:\/\/tudulinnakultuurikants.ee\/wp-content\/uploads\/2026\/09\/2026-Muinsuskaitsepaevade-banner-v2-1536x1048.jpg 1536w, https:\/\/tudulinnakultuurikants.ee\/wp-content\/uploads\/2026\/09\/2026-Muinsuskaitsepaevade-banner-v2-2048x1398.jpg 2048w, https:\/\/tudulinnakultuurikants.ee\/wp-content\/uploads\/2026\/09\/2026-Muinsuskaitsepaevade-banner-v2-710x485.jpg 710w\" sizes=\"auto, (max-width: 1024px) 100vw, 1024px\" \/><\/p>\n<p>Alutaguse k\u00f5ige kuulsamad vokimeistrid elasid ja t\u00f6\u00f6tasid 19. sajandi teises ja 20. sajandi esimeses pooles just Sahargus, Tudulinna k\u00fclje all. Aga siin toimetasid ka r\u00e4tsepad, kingsepad ja teised k\u00e4sit\u00f6\u00f6lised.<\/p>\n<p><strong>Sahargu k\u00fcla<\/strong> on oma ajaloo ja ilme poolest t\u00e4iesti ainulaadne terves endises Tudulinna vallas.<\/p>\n<p>See on ekskursioon eesti rahva p\u00e4randkultuuri, selle kaduvatele radadele.<\/p>\n<p>Teejuhtideks avastusretkel <strong>Sirje Tarakanova<\/strong> ja <strong>Andres Meresmaa<\/strong>.<\/p>\n<p><strong>Raamat on ka olemas<\/strong>: Sahargu k\u00fcla lugu on p\u00f5hjalikult ja p\u00f5nevalt kirja pandud teeneka koduloolase ja kooli\u00f5petaja <strong>Linda Haameri<\/strong> raamatus <strong>\u201dM\u00f5nda Sahargu k\u00fcla olust ja tekkimisest\u201d<\/strong>, mille uustr\u00fckk \u00e4sja ilmus ja mida on v\u00f5imalik ka kohapeal endale soetada.<\/p>\n<p><span style=\"color: #0000ff;\"><em><strong>K\u00e4esoleva s\u00fcndmuse korraldajaks on MT\u00dc Tudulinna Kultuurikants. S\u00fcndmus on tasuta. <\/strong><\/em><\/span><\/p>\n<p><span style=\"color: #0000ff;\"><em>Oleks teretulnud kui annaksid oma tulekust korraldajatele eelnevalt teada <strong>andres@tudulinnakultuurikants.ee<\/strong><\/em><\/span><\/p>\n<p>_________________________________________________________<\/p>\n<p><span style=\"color: #339966;\"><strong><em>Euroopa Muinsuskaitsep\u00e4evad toimuvad t\u00e4navu 11-13. septembril.\u00a0<\/em><\/strong><\/span><\/p>\n<p><span style=\"color: #339966;\"><strong>\u201eP\u00e4rand on ohus. Elavda. Hoia. M\u00f5testa.\u201d<\/strong><\/span><\/p>\n<p><span style=\"color: #339966;\">T\u00e4navuste Euroopa Muinsuskaitsep\u00e4evade moto on justkui Tudulinnast inspireerituna loodud. Meie eelk\u00e4ijate poolt loodud rikkaliku kultuurip\u00e4randi alalhoidmine, tutvustamine ja edasikandmine on usaldatud meie p\u00f5lvkonna k\u00e4tte.<\/span><\/p>\n<p>&nbsp;<\/p>\n<p>&nbsp;<\/p>\n","protected":false},"excerpt":{"rendered":"<p>Hea Tudulinna s\u00f5ber! Kutsume sind Muinsuskaitse p\u00e4evade raames 13. septembril algusega kell 12.00 p\u00f5nevale jalutusk\u00e4igule Alutaguse kuulsaimate vokimeistrite koduradadel! Kohtumispaik on Krimmilinnas ehk Sahargu k\u00fcla alguses Otsa talu l\u00e4histel\u00a0 Alutaguse k\u00f5ige kuulsamad vokimeistrid elasid ja t\u00f6\u00f6tasid 19. sajandi teises ja 20. sajandi esimeses pooles just Sahargus, Tudulinna k\u00fclje all. Aga&nbsp;[ &hellip; ]<\/p>\n","protected":false},"author":2,"featured_media":0,"comment_status":"closed","ping_status":"open","sticky":false,"template":"","format":"aside","meta":{"_bbp_topic_count":0,"_bbp_reply_count":0,"_bbp_total_topic_count":0,"_bbp_total_reply_count":0,"_bbp_voice_count":0,"_bbp_anonymous_reply_count":0,"_bbp_topic_count_hidden":0,"_bbp_reply_count_hidden":0,"_bbp_forum_subforum_count":0,"footnotes":"","_links_to":"","_links_to_target":""},"categories":[14,1],"tags":[],"class_list":["post-6047","post","type-post","status-publish","format-aside","hentry","category-tudulinnauudised","category-uudised","post_format-post-format-aside","list-style-post"],"_links":{"self":[{"href":"https:\/\/tudulinnakultuurikants.ee\/index.php?rest_route=\/wp\/v2\/posts\/6047","targetHints":{"allow":["GET"]}}],"collection":[{"href":"https:\/\/tudulinnakultuurikants.ee\/index.php?rest_route=\/wp\/v2\/posts"}],"about":[{"href":"https:\/\/tudulinnakultuurikants.ee\/index.php?rest_route=\/wp\/v2\/types\/post"}],"author":[{"embeddable":true,"href":"https:\/\/tudulinnakultuurikants.ee\/index.php?rest_route=\/wp\/v2\/users\/2"}],"replies":[{"embeddable":true,"href":"https:\/\/tudulinnakultuurikants.ee\/index.php?rest_route=%2Fwp%2Fv2%2Fcomments&post=6047"}],"version-history":[{"count":1,"href":"https:\/\/tudulinnakultuurikants.ee\/index.php?rest_route=\/wp\/v2\/posts\/6047\/revisions"}],"predecessor-version":[{"id":6050,"href":"https:\/\/tudulinnakultuurikants.ee\/index.php?rest_route=\/wp\/v2\/posts\/6047\/revisions\/6050"}],"wp:attachment":[{"href":"https:\/\/tudulinnakultuurikants.ee\/index.php?rest_route=%2Fwp%2Fv2%2Fmedia&parent=6047"}],"wp:term":[{"taxonomy":"category","embeddable":true,"href":"https:\/\/tudulinnakultuurikants.ee\/index.php?rest_route=%2Fwp%2Fv2%2Fcategories&post=6047"},{"taxonomy":"post_tag","embeddable":true,"href":"https:\/\/tudulinnakultuurikants.ee\/index.php?rest_route=%2Fwp%2Fv2%2Ftags&post=6047"}],"curies":[{"name":"wp","href":"https:\/\/api.w.org\/{rel}","templated":true}]}}